{"id":11820,"date":"2023-05-09T13:28:46","date_gmt":"2023-05-09T13:28:46","guid":{"rendered":"https:\/\/cm-fronteira.pt\/?p=11820"},"modified":"2023-10-31T18:07:48","modified_gmt":"2023-10-31T18:07:48","slug":"2a-fase-da-entrada-nascente","status":"publish","type":"post","link":"https:\/\/cm-fronteira.pt\/es\/2a-fase-da-entrada-nascente\/","title":{"rendered":"2\u00aa Fase da Entrada Nascente"},"content":{"rendered":"<div class=\"xdj266r x11i5rnm xat24cr x1mh8g0r x1vvkbs x126k92a\">\n<div dir=\"auto\" style=\"text-align: justify;\">Entram na reta final as obras da 2a Fase da Entrada Nascente \u00e0 Vila de Fronteira e que incindem sobretudo na Rua Dr. Lu\u00eds de Lemos.<\/div>\n<\/div>\n<div class=\"x11i5rnm xat24cr x1mh8g0r x1vvkbs xtlvy1s x126k92a\">\n<div dir=\"auto\" style=\"text-align: justify;\">Depois do Largo Her\u00f3is da P\u00e1tria e da Rua Ant\u00f3nio Borralho Mur\u00e7a, continuamos a renovar integralmente infraestruturas da Vila de Fronteira.<\/div>\n<\/div>\n","protected":false},"excerpt":{"rendered":"<p>Entram na reta final as obras da 2a Fase da Entrada Nascente \u00e0 Vila de Fronteira e que incindem sobretudo na Rua Dr. Lu\u00eds de Lemos. Depois do Largo Her\u00f3is da P\u00e1tria e da Rua Ant\u00f3nio Borralho Mur\u00e7a, continuamos a renovar integralmente infraestruturas da Vila de Fronteira.<\/p>\n","protected":false},"author":5,"featured_media":0,"comment_status":"closed","ping_status":"closed","sticky":false,"template":"","format":"standard","meta":{"_acf_changed":false,"_exactmetrics_skip_tracking":false,"_exactmetrics_sitenote_active":false,"_exactmetrics_sitenote_note":"","_exactmetrics_sitenote_category":0,"footnotes":""},"categories":[1],"tags":[],"class_list":["post-11820","post","type-post","status-publish","format-standard","hentry","category-sem-categoria"],"acf":[],"_links":{"self":[{"href":"https:\/\/cm-fronteira.pt\/es\/wp-json\/wp\/v2\/posts\/11820","targetHints":{"allow":["GET"]}}],"collection":[{"href":"https:\/\/cm-fronteira.pt\/es\/wp-json\/wp\/v2\/posts"}],"about":[{"href":"https:\/\/cm-fronteira.pt\/es\/wp-json\/wp\/v2\/types\/post"}],"author":[{"embeddable":true,"href":"https:\/\/cm-fronteira.pt\/es\/wp-json\/wp\/v2\/users\/5"}],"replies":[{"embeddable":true,"href":"https:\/\/cm-fronteira.pt\/es\/wp-json\/wp\/v2\/comments?post=11820"}],"version-history":[{"count":2,"href":"https:\/\/cm-fronteira.pt\/es\/wp-json\/wp\/v2\/posts\/11820\/revisions"}],"predecessor-version":[{"id":12883,"href":"https:\/\/cm-fronteira.pt\/es\/wp-json\/wp\/v2\/posts\/11820\/revisions\/12883"}],"wp:attachment":[{"href":"https:\/\/cm-fronteira.pt\/es\/wp-json\/wp\/v2\/media?parent=11820"}],"wp:term":[{"taxonomy":"category","embeddable":true,"href":"https:\/\/cm-fronteira.pt\/es\/wp-json\/wp\/v2\/categories?post=11820"},{"taxonomy":"post_tag","embeddable":true,"href":"https:\/\/cm-fronteira.pt\/es\/wp-json\/wp\/v2\/tags?post=11820"}],"curies":[{"name":"wp","href":"https:\/\/api.w.org\/{rel}","templated":true}]}}