{"id":11010,"date":"2025-08-18T10:10:17","date_gmt":"2025-08-18T10:10:17","guid":{"rendered":"https:\/\/cm-fronteira.pt\/?p=11010"},"modified":"2025-08-18T15:47:29","modified_gmt":"2025-08-18T15:47:29","slug":"kit-escolar-e-cadernos-de-atividades-gratuitos","status":"publish","type":"post","link":"https:\/\/cm-fronteira.pt\/es\/kit-escolar-e-cadernos-de-atividades-gratuitos\/","title":{"rendered":"Kit Escolar e Cadernos de Atividades Gratuitos"},"content":{"rendered":"<p><\/p>\n<div class=\"l7ghb35v kjdc1dyq kmwttqpk gh25dzvf jikcssrz n3t5jt4f\">\n<p dir=\"auto\" style=\"text-align: justify\">O Munic\u00edpio de Fronteira continua a alargar o conjunto de apoios \u00e0s fam\u00edlias.<\/p>\n<p dir=\"auto\" style=\"text-align: justify\">Com a descentraliza\u00e7\u00e3o de compet\u00eancias na \u00e1rea da educa\u00e7\u00e3o o Munic\u00edpio de Fronteira passa a <strong>reembolsar a aquisi\u00e7\u00e3o dos cadernos de atividades de todos os alunos<\/strong> que frequentam as escolas do concelho, abrangendo assim o 1\u00ba, 2\u00ba e 3\u00ba ciclos.<\/p>\n<\/div>\n<div class=\"l7ghb35v kjdc1dyq kmwttqpk gh25dzvf jikcssrz n3t5jt4f\">\n<p dir=\"auto\" style=\"text-align: justify\">Por outro lado, o Munic\u00edpio entregar\u00e1 um <strong>kit escolar<\/strong> aos alunos do <strong>pr\u00e9 escolar (do agrupamento de escolas e infant\u00e1rios das santas casas da miseric\u00f3rdia) e 1\u00ba ciclo<\/strong>.<\/p>\n<p dir=\"auto\">\n<p dir=\"auto\"><a href=\"https:\/\/cm-fronteira.pt\/wp-content\/uploads\/2022\/09\/CARTAZ-Apoio-CAdernos-de-atividades_2022-1.png\"><img loading=\"lazy\" decoding=\"async\" class=\"aligncenter wp-image-11014 size-large\" src=\"https:\/\/cm-fronteira.pt\/wp-content\/uploads\/2022\/09\/CARTAZ-Apoio-CAdernos-de-atividades_2022-1-724x1024.png\" alt=\"\" width=\"724\" height=\"1024\" srcset=\"https:\/\/cm-fronteira.pt\/wp-content\/uploads\/2022\/09\/CARTAZ-Apoio-CAdernos-de-atividades_2022-1-724x1024.png 724w, https:\/\/cm-fronteira.pt\/wp-content\/uploads\/2022\/09\/CARTAZ-Apoio-CAdernos-de-atividades_2022-1-212x300.png 212w, https:\/\/cm-fronteira.pt\/wp-content\/uploads\/2022\/09\/CARTAZ-Apoio-CAdernos-de-atividades_2022-1-768x1086.png 768w, https:\/\/cm-fronteira.pt\/wp-content\/uploads\/2022\/09\/CARTAZ-Apoio-CAdernos-de-atividades_2022-1-1086x1536.png 1086w, https:\/\/cm-fronteira.pt\/wp-content\/uploads\/2022\/09\/CARTAZ-Apoio-CAdernos-de-atividades_2022-1-1448x2048.png 1448w, https:\/\/cm-fronteira.pt\/wp-content\/uploads\/2022\/09\/CARTAZ-Apoio-CAdernos-de-atividades_2022-1-1320x1867.png 1320w, https:\/\/cm-fronteira.pt\/wp-content\/uploads\/2022\/09\/CARTAZ-Apoio-CAdernos-de-atividades_2022-1.png 1754w\" sizes=\"auto, (max-width: 724px) 100vw, 724px\" \/><\/a><\/p>\n<\/div>\n<p><\/p>","protected":false},"excerpt":{"rendered":"<p>O Munic\u00edpio de Fronteira continua a alargar o conjunto de apoios \u00e0s fam\u00edlias. Com a descentraliza\u00e7\u00e3o de compet\u00eancias na \u00e1rea da educa\u00e7\u00e3o o Munic\u00edpio de Fronteira passa a reembolsar a aquisi\u00e7\u00e3o dos cadernos de atividades de todos os alunos que frequentam as escolas do concelho, abrangendo assim o 1\u00ba, 2\u00ba e 3\u00ba ciclos. Por outro [&hellip;]<\/p>\n","protected":false},"author":5,"featured_media":0,"comment_status":"closed","ping_status":"closed","sticky":false,"template":"","format":"standard","meta":{"_acf_changed":false,"_exactmetrics_skip_tracking":false,"_exactmetrics_sitenote_active":false,"_exactmetrics_sitenote_note":"","_exactmetrics_sitenote_category":0,"footnotes":""},"categories":[1],"tags":[],"class_list":["post-11010","post","type-post","status-publish","format-standard","hentry","category-sem-categoria"],"acf":[],"_links":{"self":[{"href":"https:\/\/cm-fronteira.pt\/es\/wp-json\/wp\/v2\/posts\/11010","targetHints":{"allow":["GET"]}}],"collection":[{"href":"https:\/\/cm-fronteira.pt\/es\/wp-json\/wp\/v2\/posts"}],"about":[{"href":"https:\/\/cm-fronteira.pt\/es\/wp-json\/wp\/v2\/types\/post"}],"author":[{"embeddable":true,"href":"https:\/\/cm-fronteira.pt\/es\/wp-json\/wp\/v2\/users\/5"}],"replies":[{"embeddable":true,"href":"https:\/\/cm-fronteira.pt\/es\/wp-json\/wp\/v2\/comments?post=11010"}],"version-history":[{"count":6,"href":"https:\/\/cm-fronteira.pt\/es\/wp-json\/wp\/v2\/posts\/11010\/revisions"}],"predecessor-version":[{"id":22399,"href":"https:\/\/cm-fronteira.pt\/es\/wp-json\/wp\/v2\/posts\/11010\/revisions\/22399"}],"wp:attachment":[{"href":"https:\/\/cm-fronteira.pt\/es\/wp-json\/wp\/v2\/media?parent=11010"}],"wp:term":[{"taxonomy":"category","embeddable":true,"href":"https:\/\/cm-fronteira.pt\/es\/wp-json\/wp\/v2\/categories?post=11010"},{"taxonomy":"post_tag","embeddable":true,"href":"https:\/\/cm-fronteira.pt\/es\/wp-json\/wp\/v2\/tags?post=11010"}],"curies":[{"name":"wp","href":"https:\/\/api.w.org\/{rel}","templated":true}]}}