{"id":23633,"date":"2026-02-27T17:01:29","date_gmt":"2026-02-27T17:01:29","guid":{"rendered":"https:\/\/cm-fronteira.pt\/?p=23633"},"modified":"2026-02-27T17:01:29","modified_gmt":"2026-02-27T17:01:29","slug":"aviso-a-populacao-interdicao-preventiva-de-espacos-publicos","status":"publish","type":"post","link":"https:\/\/cm-fronteira.pt\/de\/aviso-a-populacao-interdicao-preventiva-de-espacos-publicos\/","title":{"rendered":"(Portugu\u00eas) Aviso \u00e0 Popula\u00e7\u00e3o &#8211; Interdi\u00e7\u00e3o Preventiva de Espa\u00e7os P\u00fablicos"},"content":{"rendered":"<p class=\"qtranxs-available-languages-message qtranxs-available-languages-message-de\">Leider ist der Eintrag nur auf <a href=\"https:\/\/cm-fronteira.pt\/pt\/wp-json\/wp\/v2\/posts\/23633\" class=\"qtranxs-available-language-link qtranxs-available-language-link-pt\" title=\"Portugu\u00eas\">Portugu\u00eas<\/a> verf\u00fcgbar.<\/p>","protected":false},"excerpt":{"rendered":"<p>Leider ist der Eintrag nur auf Portugu\u00eas verf\u00fcgbar.<\/p>\n","protected":false},"author":5,"featured_media":0,"comment_status":"closed","ping_status":"closed","sticky":false,"template":"","format":"standard","meta":{"_acf_changed":false,"_exactmetrics_skip_tracking":false,"_exactmetrics_sitenote_active":false,"_exactmetrics_sitenote_note":"","_exactmetrics_sitenote_category":0,"footnotes":""},"categories":[1343],"tags":[],"class_list":["post-23633","post","type-post","status-publish","format-standard","hentry","category-protecao-civil"],"acf":[],"_links":{"self":[{"href":"https:\/\/cm-fronteira.pt\/de\/wp-json\/wp\/v2\/posts\/23633","targetHints":{"allow":["GET"]}}],"collection":[{"href":"https:\/\/cm-fronteira.pt\/de\/wp-json\/wp\/v2\/posts"}],"about":[{"href":"https:\/\/cm-fronteira.pt\/de\/wp-json\/wp\/v2\/types\/post"}],"author":[{"embeddable":true,"href":"https:\/\/cm-fronteira.pt\/de\/wp-json\/wp\/v2\/users\/5"}],"replies":[{"embeddable":true,"href":"https:\/\/cm-fronteira.pt\/de\/wp-json\/wp\/v2\/comments?post=23633"}],"version-history":[{"count":1,"href":"https:\/\/cm-fronteira.pt\/de\/wp-json\/wp\/v2\/posts\/23633\/revisions"}],"predecessor-version":[{"id":23634,"href":"https:\/\/cm-fronteira.pt\/de\/wp-json\/wp\/v2\/posts\/23633\/revisions\/23634"}],"wp:attachment":[{"href":"https:\/\/cm-fronteira.pt\/de\/wp-json\/wp\/v2\/media?parent=23633"}],"wp:term":[{"taxonomy":"category","embeddable":true,"href":"https:\/\/cm-fronteira.pt\/de\/wp-json\/wp\/v2\/categories?post=23633"},{"taxonomy":"post_tag","embeddable":true,"href":"https:\/\/cm-fronteira.pt\/de\/wp-json\/wp\/v2\/tags?post=23633"}],"curies":[{"name":"wp","href":"https:\/\/api.w.org\/{rel}","templated":true}]}}