{"id":23199,"date":"2025-11-18T16:25:31","date_gmt":"2025-11-18T16:25:31","guid":{"rendered":"https:\/\/cm-fronteira.pt\/?p=23199"},"modified":"2025-11-18T16:25:31","modified_gmt":"2025-11-18T16:25:31","slug":"eleicoes-presidenciais-2026","status":"publish","type":"post","link":"https:\/\/cm-fronteira.pt\/de\/eleicoes-presidenciais-2026\/","title":{"rendered":"(Portugu\u00eas) Elei\u00e7\u00f5es Presidenciais 2026"},"content":{"rendered":"<p class=\"qtranxs-available-languages-message qtranxs-available-languages-message-de\">Leider ist der Eintrag nur auf <a href=\"https:\/\/cm-fronteira.pt\/pt\/wp-json\/wp\/v2\/posts\/23199\" class=\"qtranxs-available-language-link qtranxs-available-language-link-pt\" title=\"Portugu\u00eas\">Portugu\u00eas<\/a> verf\u00fcgbar.<\/p>","protected":false},"excerpt":{"rendered":"<p>Leider ist der Eintrag nur auf Portugu\u00eas verf\u00fcgbar.<\/p>\n","protected":false},"author":5,"featured_media":0,"comment_status":"closed","ping_status":"closed","sticky":false,"template":"","format":"standard","meta":{"_acf_changed":false,"_exactmetrics_skip_tracking":false,"_exactmetrics_sitenote_active":false,"_exactmetrics_sitenote_note":"","_exactmetrics_sitenote_category":0,"footnotes":""},"categories":[1336],"tags":[],"class_list":["post-23199","post","type-post","status-publish","format-standard","hentry","category-municipio"],"acf":[],"_links":{"self":[{"href":"https:\/\/cm-fronteira.pt\/de\/wp-json\/wp\/v2\/posts\/23199","targetHints":{"allow":["GET"]}}],"collection":[{"href":"https:\/\/cm-fronteira.pt\/de\/wp-json\/wp\/v2\/posts"}],"about":[{"href":"https:\/\/cm-fronteira.pt\/de\/wp-json\/wp\/v2\/types\/post"}],"author":[{"embeddable":true,"href":"https:\/\/cm-fronteira.pt\/de\/wp-json\/wp\/v2\/users\/5"}],"replies":[{"embeddable":true,"href":"https:\/\/cm-fronteira.pt\/de\/wp-json\/wp\/v2\/comments?post=23199"}],"version-history":[{"count":1,"href":"https:\/\/cm-fronteira.pt\/de\/wp-json\/wp\/v2\/posts\/23199\/revisions"}],"predecessor-version":[{"id":23200,"href":"https:\/\/cm-fronteira.pt\/de\/wp-json\/wp\/v2\/posts\/23199\/revisions\/23200"}],"wp:attachment":[{"href":"https:\/\/cm-fronteira.pt\/de\/wp-json\/wp\/v2\/media?parent=23199"}],"wp:term":[{"taxonomy":"category","embeddable":true,"href":"https:\/\/cm-fronteira.pt\/de\/wp-json\/wp\/v2\/categories?post=23199"},{"taxonomy":"post_tag","embeddable":true,"href":"https:\/\/cm-fronteira.pt\/de\/wp-json\/wp\/v2\/tags?post=23199"}],"curies":[{"name":"wp","href":"https:\/\/api.w.org\/{rel}","templated":true}]}}