{"id":22812,"date":"2025-10-22T10:33:23","date_gmt":"2025-10-22T10:33:23","guid":{"rendered":"https:\/\/cm-fronteira.pt\/?p=22812"},"modified":"2025-10-22T10:33:23","modified_gmt":"2025-10-22T10:33:23","slug":"tomada-de-posse-dos-orgaos-autarquicos-do-municipio-de-fronteira","status":"publish","type":"post","link":"https:\/\/cm-fronteira.pt\/de\/tomada-de-posse-dos-orgaos-autarquicos-do-municipio-de-fronteira\/","title":{"rendered":"(Portugu\u00eas) Tomada de Posse dos \u00d3rg\u00e3os Aut\u00e1rquicos do Munic\u00edpio de Fronteira"},"content":{"rendered":"<p class=\"qtranxs-available-languages-message qtranxs-available-languages-message-de\">Leider ist der Eintrag nur auf <a href=\"https:\/\/cm-fronteira.pt\/pt\/wp-json\/wp\/v2\/posts\/22812\" class=\"qtranxs-available-language-link qtranxs-available-language-link-pt\" title=\"Portugu\u00eas\">Portugu\u00eas<\/a> verf\u00fcgbar.<\/p>","protected":false},"excerpt":{"rendered":"<p>Leider ist der Eintrag nur auf Portugu\u00eas verf\u00fcgbar.<\/p>\n","protected":false},"author":5,"featured_media":0,"comment_status":"closed","ping_status":"closed","sticky":false,"template":"","format":"standard","meta":{"_acf_changed":false,"_exactmetrics_skip_tracking":false,"_exactmetrics_sitenote_active":false,"_exactmetrics_sitenote_note":"","_exactmetrics_sitenote_category":0,"footnotes":""},"categories":[1336],"tags":[],"class_list":["post-22812","post","type-post","status-publish","format-standard","hentry","category-municipio"],"acf":[],"_links":{"self":[{"href":"https:\/\/cm-fronteira.pt\/de\/wp-json\/wp\/v2\/posts\/22812","targetHints":{"allow":["GET"]}}],"collection":[{"href":"https:\/\/cm-fronteira.pt\/de\/wp-json\/wp\/v2\/posts"}],"about":[{"href":"https:\/\/cm-fronteira.pt\/de\/wp-json\/wp\/v2\/types\/post"}],"author":[{"embeddable":true,"href":"https:\/\/cm-fronteira.pt\/de\/wp-json\/wp\/v2\/users\/5"}],"replies":[{"embeddable":true,"href":"https:\/\/cm-fronteira.pt\/de\/wp-json\/wp\/v2\/comments?post=22812"}],"version-history":[{"count":1,"href":"https:\/\/cm-fronteira.pt\/de\/wp-json\/wp\/v2\/posts\/22812\/revisions"}],"predecessor-version":[{"id":22813,"href":"https:\/\/cm-fronteira.pt\/de\/wp-json\/wp\/v2\/posts\/22812\/revisions\/22813"}],"wp:attachment":[{"href":"https:\/\/cm-fronteira.pt\/de\/wp-json\/wp\/v2\/media?parent=22812"}],"wp:term":[{"taxonomy":"category","embeddable":true,"href":"https:\/\/cm-fronteira.pt\/de\/wp-json\/wp\/v2\/categories?post=22812"},{"taxonomy":"post_tag","embeddable":true,"href":"https:\/\/cm-fronteira.pt\/de\/wp-json\/wp\/v2\/tags?post=22812"}],"curies":[{"name":"wp","href":"https:\/\/api.w.org\/{rel}","templated":true}]}}