{"id":12903,"date":"2023-11-03T10:39:04","date_gmt":"2023-11-03T10:39:04","guid":{"rendered":"https:\/\/cm-fronteira.pt\/?p=12903"},"modified":"2023-11-03T12:25:25","modified_gmt":"2023-11-03T12:25:25","slug":"liga-portuguesa-contra-o-cancro","status":"publish","type":"post","link":"https:\/\/cm-fronteira.pt\/de\/liga-portuguesa-contra-o-cancro\/","title":{"rendered":"Liga Portuguesa Contra o Cancro"},"content":{"rendered":"<div class=\"xdj266r x11i5rnm xat24cr x1mh8g0r x1vvkbs x126k92a\">\n<div dir=\"auto\">\n<div style=\"width: 1920px;\" class=\"wp-video\"><video class=\"wp-video-shortcode\" id=\"video-12903-1\" width=\"1920\" height=\"1080\" preload=\"metadata\" controls=\"controls\"><source type=\"video\/mp4\" src=\"https:\/\/cm-fronteira.pt\/wp-content\/uploads\/2023\/11\/LPC_20s_HD_2023_MIX_TV.mp4?_=1\" \/><a href=\"https:\/\/cm-fronteira.pt\/wp-content\/uploads\/2023\/11\/LPC_20s_HD_2023_MIX_TV.mp4\">https:\/\/cm-fronteira.pt\/wp-content\/uploads\/2023\/11\/LPC_20s_HD_2023_MIX_TV.mp4<\/a><\/video><\/div>\n<\/div>\n<div dir=\"auto\"><\/div>\n<div dir=\"auto\">\n<hr \/>\n<\/div>\n<div dir=\"auto\"><strong>Fa\u00e7a como o <span class=\"xt0psk2\">Cristiano Ronaldo<\/span> e junte-se \u00e0 Liga Portuguesa Contra o Cancro.<\/strong><\/div>\n<\/div>\n<div class=\"x11i5rnm xat24cr x1mh8g0r x1vvkbs xtlvy1s x126k92a\">\n<div dir=\"auto\"><\/div>\n<div dir=\"auto\">Participe no Pedit\u00f3rio Nacional, a decorrer de 1 a 5 de novembro, e contribua com um donativo para a luta contra o cancro.<\/div>\n<\/div>\n<div class=\"x11i5rnm xat24cr x1mh8g0r x1vvkbs xtlvy1s x126k92a\">\n<div dir=\"auto\">Contra o Cancro, todos contam!<\/div>\n<\/div>\n<div dir=\"auto\"><\/div>\n<div class=\"x11i5rnm xat24cr x1mh8g0r x1vvkbs xtlvy1s x126k92a\">\n<div dir=\"auto\"><span class=\"x3nfvp2 x1j61x8r x1fcty0u xdj266r xhhsvwb xat24cr xgzva0m xxymvpz xlup9mm x1kky2od\"><img loading=\"lazy\" decoding=\"async\" class=\"xz74otr\" src=\"https:\/\/static.xx.fbcdn.net\/images\/emoji.php\/v9\/t9e\/1\/16\/27a1.png\" alt=\"\u27a1\ufe0f\" width=\"16\" height=\"16\" \/><\/span> Saiba como apoiar esta causa em: <a class=\"x1i10hfl xjbqb8w x6umtig x1b1mbwd xaqea5y xav7gou x9f619 x1ypdohk xt0psk2 xe8uvvx xdj266r x11i5rnm xat24cr x1mh8g0r xexx8yu x4uap5 x18d9i69 xkhd6sd x16tdsg8 x1hl2dhg xggy1nq x1a2a7pz xt0b8zv x1fey0fg\" tabindex=\"0\" role=\"link\" href=\"http:\/\/www.ligacontracancro.pt\/donativos?fbclid=IwAR3v6wKnzBYut1KFnq88D2HfxWAQqYVBoSZRDtdk0rIhH8o3Ul7pw_rBd-4\" target=\"_blank\" rel=\"nofollow noopener noreferrer\">www.ligacontracancro.pt\/donativos<\/a><\/div>\n<\/div>\n<div class=\"x11i5rnm xat24cr x1mh8g0r x1vvkbs xtlvy1s x126k92a\">\n<div dir=\"auto\"><a class=\"x1i10hfl xjbqb8w x6umtig x1b1mbwd xaqea5y xav7gou x9f619 x1ypdohk xt0psk2 xe8uvvx xdj266r x11i5rnm xat24cr x1mh8g0r xexx8yu x4uap5 x18d9i69 xkhd6sd x16tdsg8 x1hl2dhg xggy1nq x1a2a7pz xt0b8zv x1qq9wsj xo1l8bm\" tabindex=\"0\" role=\"link\" href=\"https:\/\/www.facebook.com\/hashtag\/ligacontracancro?__eep__=6&amp;__cft__[0]=AZVPNw3hjIzOM2GFRm6zQGoZFtb_xDYiE7gnzSzRXev3LItnIRlVAoJYvfn-mRD2fM-CWr7jhPTeiBgZzxA9Ffmu0ToD9bAzOiVXY8M7vzVjLFazv91-AMubYfc8hTvho6TzKOtqokwM0au4DwLM8hvk&amp;__tn__=*NK-R\" target=\"_blank\" rel=\"noopener\">#LigaContraCancro<\/a> <a class=\"x1i10hfl xjbqb8w x6umtig x1b1mbwd xaqea5y xav7gou x9f619 x1ypdohk xt0psk2 xe8uvvx xdj266r x11i5rnm xat24cr x1mh8g0r xexx8yu x4uap5 x18d9i69 xkhd6sd x16tdsg8 x1hl2dhg xggy1nq x1a2a7pz xt0b8zv x1qq9wsj xo1l8bm\" tabindex=\"0\" role=\"link\" href=\"https:\/\/www.facebook.com\/hashtag\/peditorio?__eep__=6&amp;__cft__[0]=AZVPNw3hjIzOM2GFRm6zQGoZFtb_xDYiE7gnzSzRXev3LItnIRlVAoJYvfn-mRD2fM-CWr7jhPTeiBgZzxA9Ffmu0ToD9bAzOiVXY8M7vzVjLFazv91-AMubYfc8hTvho6TzKOtqokwM0au4DwLM8hvk&amp;__tn__=*NK-R\" target=\"_blank\" rel=\"noopener\">#Peditorio<\/a> <a class=\"x1i10hfl xjbqb8w x6umtig x1b1mbwd xaqea5y xav7gou x9f619 x1ypdohk xt0psk2 xe8uvvx xdj266r x11i5rnm xat24cr x1mh8g0r xexx8yu x4uap5 x18d9i69 xkhd6sd x16tdsg8 x1hl2dhg xggy1nq x1a2a7pz xt0b8zv x1qq9wsj xo1l8bm\" tabindex=\"0\" role=\"link\" href=\"https:\/\/www.facebook.com\/hashtag\/oquenosliga?__eep__=6&amp;__cft__[0]=AZVPNw3hjIzOM2GFRm6zQGoZFtb_xDYiE7gnzSzRXev3LItnIRlVAoJYvfn-mRD2fM-CWr7jhPTeiBgZzxA9Ffmu0ToD9bAzOiVXY8M7vzVjLFazv91-AMubYfc8hTvho6TzKOtqokwM0au4DwLM8hvk&amp;__tn__=*NK-R\" target=\"_blank\" rel=\"noopener\">#oquenosLIGA<\/a><\/div>\n<\/div>\n","protected":false},"excerpt":{"rendered":"<p>Fa\u00e7a como o Cristiano Ronaldo e junte-se \u00e0 Liga Portuguesa Contra o Cancro. Participe no Pedit\u00f3rio Nacional, a decorrer de 1 a 5 de novembro, e contribua com um donativo para a luta contra o cancro. Contra o Cancro, todos contam! Saiba como apoiar esta causa em: www.ligacontracancro.pt\/donativos #LigaContraCancro #Peditorio #oquenosLIGA<\/p>\n","protected":false},"author":5,"featured_media":0,"comment_status":"closed","ping_status":"closed","sticky":false,"template":"","format":"standard","meta":{"_acf_changed":false,"_exactmetrics_skip_tracking":false,"_exactmetrics_sitenote_active":false,"_exactmetrics_sitenote_note":"","_exactmetrics_sitenote_category":0,"footnotes":""},"categories":[1],"tags":[],"class_list":["post-12903","post","type-post","status-publish","format-standard","hentry","category-sem-categoria"],"acf":[],"_links":{"self":[{"href":"https:\/\/cm-fronteira.pt\/de\/wp-json\/wp\/v2\/posts\/12903","targetHints":{"allow":["GET"]}}],"collection":[{"href":"https:\/\/cm-fronteira.pt\/de\/wp-json\/wp\/v2\/posts"}],"about":[{"href":"https:\/\/cm-fronteira.pt\/de\/wp-json\/wp\/v2\/types\/post"}],"author":[{"embeddable":true,"href":"https:\/\/cm-fronteira.pt\/de\/wp-json\/wp\/v2\/users\/5"}],"replies":[{"embeddable":true,"href":"https:\/\/cm-fronteira.pt\/de\/wp-json\/wp\/v2\/comments?post=12903"}],"version-history":[{"count":3,"href":"https:\/\/cm-fronteira.pt\/de\/wp-json\/wp\/v2\/posts\/12903\/revisions"}],"predecessor-version":[{"id":12911,"href":"https:\/\/cm-fronteira.pt\/de\/wp-json\/wp\/v2\/posts\/12903\/revisions\/12911"}],"wp:attachment":[{"href":"https:\/\/cm-fronteira.pt\/de\/wp-json\/wp\/v2\/media?parent=12903"}],"wp:term":[{"taxonomy":"category","embeddable":true,"href":"https:\/\/cm-fronteira.pt\/de\/wp-json\/wp\/v2\/categories?post=12903"},{"taxonomy":"post_tag","embeddable":true,"href":"https:\/\/cm-fronteira.pt\/de\/wp-json\/wp\/v2\/tags?post=12903"}],"curies":[{"name":"wp","href":"https:\/\/api.w.org\/{rel}","templated":true}]}}