{"id":11844,"date":"2025-05-06T09:42:41","date_gmt":"2025-05-06T09:42:41","guid":{"rendered":"https:\/\/cm-fronteira.pt\/?p=11844"},"modified":"2025-05-06T14:37:53","modified_gmt":"2025-05-06T14:37:53","slug":"rastreio-gratuito-do-cancro-de-mama","status":"publish","type":"post","link":"https:\/\/cm-fronteira.pt\/de\/rastreio-gratuito-do-cancro-de-mama\/","title":{"rendered":"Rastreio Gratuito do Cancro de Mama"},"content":{"rendered":"<p><\/p>\n<p style=\"text-align: justify\">O N\u00facleo Regional do Sul da Liga Portuguesa Contra o Cancro (LPCC), em parceria com a ARS Alentejo e a ULSNA\/ <span style=\"color: #000000\">ACES S\u00e3o Mamede<\/span>, anuncia o Rastreio do Cancro de Mama no <b>Munic\u00edpio de Fronteira.<\/b><\/p>\n<p style=\"text-align: justify\"><a name=\"_Hlk69375012\"><\/a>O Rastreio estar\u00e1 dispon\u00edvel de <b>26 de maio a 2 de junho<\/b> na Unidade M\u00f3vel da LPCC, de 2\u00aa a 6\u00aaf, das 08h30 \u00e0s 18h, nos seguintes locais\/per\u00edodos:<\/p>\n<p style=\"text-align: justify\"><b>26 a 29 de maio <\/b>&#8211; <b>Cabe\u00e7o de Vide<\/b> (junto \u00e0 Extens\u00e3o de Sa\u00fade);<\/p>\n<p style=\"text-align: justify\"><b>30 de maio a 2 de junho <\/b>&#8211; <b>Fronteira<\/b> (junto ao Centro de Sa\u00fade).<\/p>\n<p style=\"text-align: justify\">As mulheres do munic\u00edpio, eleg\u00edveis para o rastreio (50-69 anos), v\u00e3o poder contar com uma equipa t\u00e9cnica especializada na \u00e1rea do cancro da mama e com equipamentos digitais novos que potenciam uma melhor qualidade do diagn\u00f3stico.<\/p>\n<p>&nbsp;<\/p>\n<p style=\"text-align: justify\"><i><u>Sobre o rastreio<\/u><\/i><\/p>\n<p style=\"text-align: justify\">O rastreio \u00e9 de base populacional, para mulheres entre os 50 e os 69 anos e realiza-se por convite, de 2 em 2 anos. No N\u00facleo Regional do Sul, teve in\u00edcio em 1997 e, gradualmente, foi sendo feito o seu alargamento. At\u00e9 hoje, j\u00e1 se realizaram cerca de 5 milh\u00f5es de mamografias a n\u00edvel nacional e cerca de 1 milh\u00e3o de mamografias na regi\u00e3o Sul.<\/p>\n<p style=\"text-align: justify\">De acordo com um inqu\u00e9rito lan\u00e7ado pelo NRS-LPCC, 97% das utentes do rastreio do cancro mama sentiram-se seguras com as medidas adotadas nas instala\u00e7\u00f5es e com a equipa t\u00e9cnica. A LPCC-NRS garante que todos os procedimentos de seguran\u00e7a e higieniza\u00e7\u00e3o s\u00e3o feitos diariamente para manter o bom funcionamento das unidades m\u00f3veis durante o rastreio.<\/p>\n<p><\/p>","protected":false},"excerpt":{"rendered":"<p>O N\u00facleo Regional do Sul da Liga Portuguesa Contra o Cancro (LPCC), em parceria com a ARS Alentejo e a ULSNA\/ ACES S\u00e3o Mamede, anuncia o Rastreio do Cancro de Mama no Munic\u00edpio de Fronteira. O Rastreio estar\u00e1 dispon\u00edvel de 26 de maio a 2 de junho na Unidade M\u00f3vel da LPCC, de 2\u00aa a [&hellip;]<\/p>\n","protected":false},"author":5,"featured_media":0,"comment_status":"closed","ping_status":"closed","sticky":false,"template":"","format":"standard","meta":{"_acf_changed":false,"_exactmetrics_skip_tracking":false,"_exactmetrics_sitenote_active":false,"_exactmetrics_sitenote_note":"","_exactmetrics_sitenote_category":0,"footnotes":""},"categories":[1],"tags":[],"class_list":["post-11844","post","type-post","status-publish","format-standard","hentry","category-sem-categoria"],"acf":[],"_links":{"self":[{"href":"https:\/\/cm-fronteira.pt\/de\/wp-json\/wp\/v2\/posts\/11844","targetHints":{"allow":["GET"]}}],"collection":[{"href":"https:\/\/cm-fronteira.pt\/de\/wp-json\/wp\/v2\/posts"}],"about":[{"href":"https:\/\/cm-fronteira.pt\/de\/wp-json\/wp\/v2\/types\/post"}],"author":[{"embeddable":true,"href":"https:\/\/cm-fronteira.pt\/de\/wp-json\/wp\/v2\/users\/5"}],"replies":[{"embeddable":true,"href":"https:\/\/cm-fronteira.pt\/de\/wp-json\/wp\/v2\/comments?post=11844"}],"version-history":[{"count":7,"href":"https:\/\/cm-fronteira.pt\/de\/wp-json\/wp\/v2\/posts\/11844\/revisions"}],"predecessor-version":[{"id":22135,"href":"https:\/\/cm-fronteira.pt\/de\/wp-json\/wp\/v2\/posts\/11844\/revisions\/22135"}],"wp:attachment":[{"href":"https:\/\/cm-fronteira.pt\/de\/wp-json\/wp\/v2\/media?parent=11844"}],"wp:term":[{"taxonomy":"category","embeddable":true,"href":"https:\/\/cm-fronteira.pt\/de\/wp-json\/wp\/v2\/categories?post=11844"},{"taxonomy":"post_tag","embeddable":true,"href":"https:\/\/cm-fronteira.pt\/de\/wp-json\/wp\/v2\/tags?post=11844"}],"curies":[{"name":"wp","href":"https:\/\/api.w.org\/{rel}","templated":true}]}}